{"id":1377,"date":"2016-04-27T12:54:49","date_gmt":"2016-04-27T12:54:49","guid":{"rendered":"http:\/\/ccaal.dfki.de\/wordpress\/home\/?p=1377"},"modified":"2016-09-15T08:15:47","modified_gmt":"2016-09-15T08:15:47","slug":"mobisaar-geht-mit-grosser-eroeffnungsveranstaltung-an-den-start","status":"publish","type":"post","link":"https:\/\/ccaal.dfki.de\/de\/2016\/04\/27\/mobisaar-geht-mit-grosser-eroeffnungsveranstaltung-an-den-start","title":{"rendered":"MobiSaar startet mit gro\u00dfer Er\u00f6ffnungsveranstaltung"},"content":{"rendered":"<p class=\"p1\" style=\"text-align: justify;\"><span class=\"s1\">Am <b>02. Mai<\/b> 2016 findet in der <b>Saarbr\u00fccker Congresshalle<\/b> der Projekt-Kickoff von MobiSaar statt.\u00a0 Das Projekt, das unter dem Leitsatz \u201eMobilit\u00e4t f\u00fcr alle\u201c die saarlandweite Erweiterung des erfolgreichen Mobia-Services anstrebt,\u00a0 soll mobilit\u00e4tseingeschr\u00e4nkten Menschen den Zugang zum \u00d6PNV im Saarland erleichtern. Mit einer Laufzeit von f\u00fcnf Jahren wird der Service schrittweise \u00fcber die einzelnen Landkreise ausgedehnt bis schlie\u00dflich ein saarlandweites Angebot besteht. Dieses Modell kann anschlie\u00dfend auch bundesweit vermarktet werden. Neben dem DFKI und der Saarbahn GmbH wird MobiSaar au\u00dferdem durch das Institut f\u00fcr Sozialforschung und Sozialwirtschaft, die b2m Software GmbH, die Saarl\u00e4ndische Nahverkehr-Service GmbH, die Neue Arbeit Saar gGmbH, den Sozialverband VdK Saarland e.V., die Landesarbeitsgemeinschaft PRO EHRENAMT e.V. sowie die Bahnhofsmission des Diakonischen Werkes an der Saar unterst\u00fctzt.<\/span><\/p>\n<p class=\"p1\" style=\"text-align: justify;\"><span class=\"s1\">Die Er\u00f6ffnungsveranstaltung richtet MobiSaar gemeinsam mit der \u201eLandesgruppe S\u00fcdwest im Verband Deutscher Verkehrsunternehmen\u201c aus. Unter anderem wird es eine Podiumsdiskussion zum Thema \u201eDie Gestaltung des \u00d6PNV vor dem Hintergrund des demografischen Wandels\u201c geben, an der sich bedeutende Akteure aus Wirtschaft, Politik und Wissenschaft beteiligen werden. Unter den zahlreichen erwarteten G\u00e4sten werden sich auch Wirtschaftsministerin Anke Rehlinger sowie Franz M\u00fcntefering in seiner Funktion als Vorsitzender der Bundesarbeitsgemeinschaft der Senioren-Organisationen befinden. Die Anmeldung l\u00e4uft bereits und kann unter <\/span><span class=\"s2\">mobisaar@saarbahn.de<\/span><span class=\"s1\"> get\u00e4tigt werden.<\/span><\/p>\n","protected":false},"excerpt":{"rendered":"<p>German version only<\/p>\n","protected":false},"author":5,"featured_media":0,"comment_status":"open","ping_status":"open","sticky":false,"template":"","format":"standard","meta":{"footnotes":""},"categories":[9],"tags":[],"class_list":["post-1377","post","type-post","status-publish","format-standard","hentry","category-news"],"translation":{"provider":"WPGlobus","version":"3.0.2","language":"de","enabled_languages":["en","de"],"languages":{"en":{"title":true,"content":true,"excerpt":false},"de":{"title":true,"content":true,"excerpt":false}}},"_links":{"self":[{"href":"https:\/\/ccaal.dfki.de\/de\/wp-json\/wp\/v2\/posts\/1377","targetHints":{"allow":["GET"]}}],"collection":[{"href":"https:\/\/ccaal.dfki.de\/de\/wp-json\/wp\/v2\/posts"}],"about":[{"href":"https:\/\/ccaal.dfki.de\/de\/wp-json\/wp\/v2\/types\/post"}],"author":[{"embeddable":true,"href":"https:\/\/ccaal.dfki.de\/de\/wp-json\/wp\/v2\/users\/5"}],"replies":[{"embeddable":true,"href":"https:\/\/ccaal.dfki.de\/de\/wp-json\/wp\/v2\/comments?post=1377"}],"version-history":[{"count":6,"href":"https:\/\/ccaal.dfki.de\/de\/wp-json\/wp\/v2\/posts\/1377\/revisions"}],"predecessor-version":[{"id":1621,"href":"https:\/\/ccaal.dfki.de\/de\/wp-json\/wp\/v2\/posts\/1377\/revisions\/1621"}],"wp:attachment":[{"href":"https:\/\/ccaal.dfki.de\/de\/wp-json\/wp\/v2\/media?parent=1377"}],"wp:term":[{"taxonomy":"category","embeddable":true,"href":"https:\/\/ccaal.dfki.de\/de\/wp-json\/wp\/v2\/categories?post=1377"},{"taxonomy":"post_tag","embeddable":true,"href":"https:\/\/ccaal.dfki.de\/de\/wp-json\/wp\/v2\/tags?post=1377"}],"curies":[{"name":"wp","href":"https:\/\/api.w.org\/{rel}","templated":true}]}}