{"id":1949,"date":"2016-10-15T16:09:10","date_gmt":"2016-10-15T16:09:10","guid":{"rendered":"http:\/\/ccaal.dfki.de\/?p=1949"},"modified":"2016-10-15T16:12:31","modified_gmt":"2016-10-15T16:12:31","slug":"official-trailer-of-the-siforage-international-conference-2016","status":"publish","type":"post","link":"https:\/\/ccaal.dfki.de\/de\/2016\/10\/15\/official-trailer-of-the-siforage-international-conference-2016","title":{"rendered":"Offizieller Trailer zur SIforAGE Abschlusskonferenz"},"content":{"rendered":"<p>Es ist soweit!<\/p>\n<p>Am 19. und 20. Oktober findet die internationale SIforAGE Konferenz in Barcelona statt. Mit dem Symposium am 21. Oktober endet das Projekt. Was bleibt, ist ein Netzwerk aus unterschiedlichen Stakeholdern, die auch in Zukunft an Technologien und Strategien f\u00fcr ein aktives und gesundes Altern arbeiten, um das Ziel einer &#8222;Gesellschaft f\u00fcr jedes Alter&#8220; Realit\u00e4t werden zu lassen.<\/p>\n<p>Mehr Informationen zur Konferenz gibt es unter\u00a0siforageconference2016.eu und im <a href=\"https:\/\/www.youtube.com\/watch?v=lPs-o43icdE\" target=\"_blank\">offiziellen Trailer<\/a>.<\/p>\n","protected":false},"excerpt":{"rendered":"<p>Es ist soweit! Am 19. und 20. Oktober findet die internationale SIforAGE Konferenz in Barcelona statt. Mit dem Symposium am 21. Oktober endet das Projekt. Was bleibt, ist ein Netzwerk&#8230; <a href=\"https:\/\/ccaal.dfki.de\/de\/2016\/10\/15\/official-trailer-of-the-siforage-international-conference-2016\">Read more &raquo;<\/a><\/p>\n","protected":false},"author":17,"featured_media":0,"comment_status":"open","ping_status":"open","sticky":false,"template":"","format":"standard","meta":{"footnotes":""},"categories":[9],"tags":[],"class_list":["post-1949","post","type-post","status-publish","format-standard","hentry","category-news"],"translation":{"provider":"WPGlobus","version":"3.0.2","language":"de","enabled_languages":["en","de"],"languages":{"en":{"title":true,"content":true,"excerpt":false},"de":{"title":true,"content":true,"excerpt":false}}},"_links":{"self":[{"href":"https:\/\/ccaal.dfki.de\/de\/wp-json\/wp\/v2\/posts\/1949","targetHints":{"allow":["GET"]}}],"collection":[{"href":"https:\/\/ccaal.dfki.de\/de\/wp-json\/wp\/v2\/posts"}],"about":[{"href":"https:\/\/ccaal.dfki.de\/de\/wp-json\/wp\/v2\/types\/post"}],"author":[{"embeddable":true,"href":"https:\/\/ccaal.dfki.de\/de\/wp-json\/wp\/v2\/users\/17"}],"replies":[{"embeddable":true,"href":"https:\/\/ccaal.dfki.de\/de\/wp-json\/wp\/v2\/comments?post=1949"}],"version-history":[{"count":6,"href":"https:\/\/ccaal.dfki.de\/de\/wp-json\/wp\/v2\/posts\/1949\/revisions"}],"predecessor-version":[{"id":1977,"href":"https:\/\/ccaal.dfki.de\/de\/wp-json\/wp\/v2\/posts\/1949\/revisions\/1977"}],"wp:attachment":[{"href":"https:\/\/ccaal.dfki.de\/de\/wp-json\/wp\/v2\/media?parent=1949"}],"wp:term":[{"taxonomy":"category","embeddable":true,"href":"https:\/\/ccaal.dfki.de\/de\/wp-json\/wp\/v2\/categories?post=1949"},{"taxonomy":"post_tag","embeddable":true,"href":"https:\/\/ccaal.dfki.de\/de\/wp-json\/wp\/v2\/tags?post=1949"}],"curies":[{"name":"wp","href":"https:\/\/api.w.org\/{rel}","templated":true}]}}