{"id":2966,"date":"2018-08-24T14:28:50","date_gmt":"2018-08-24T14:28:50","guid":{"rendered":"http:\/\/ccaal.dfki.de\/?p=2966"},"modified":"2018-08-25T12:26:50","modified_gmt":"2018-08-25T12:26:50","slug":"sigmar-gabriel-lernt-delta-kennen","status":"publish","type":"post","link":"https:\/\/ccaal.dfki.de\/de\/2018\/08\/24\/sigmar-gabriel-lernt-delta-kennen","title":{"rendered":"Sigmar Gabriel lernt \u0394elta kennen"},"content":{"rendered":"<p>Zur Beantwortung der Frage &#8222;Ist Deutschland zukunftsf\u00e4hig?&#8220; besucht der ehemalige Bundeswirtschafts- und Bundesau\u00dfenminister Sigmar Gabriel aktuell die einzelnen Bundesl\u00e4nder. Am 22. August war er im DFKI Saarbr\u00fccken zu Gast und konnte sich ein Bild von den unterschiedlichen Projekten machen. Dabei wurden auch das ELEMENT Projekt sowie das Spin-off ki-elements und die daraus hervorgegangene Applikation \u0394elta (&#8222;Delta&#8220;) vorgestellt. \u0394elta soll \u00c4rzte und Psychologen k\u00fcnftig beim Screening kognitiver St\u00f6rungen unterst\u00fctzen.<\/p>\n<div id=\"attachment_2968\" style=\"width: 4042px\" class=\"wp-caption aligncenter\"><a href=\"http:\/\/ccaal.dfki.de\/wordpress\/wp-content\/uploads\/2018\/08\/IMG_3932.jpg\"><img loading=\"lazy\" decoding=\"async\" aria-describedby=\"caption-attachment-2968\" class=\"size-full wp-image-2968\" src=\"http:\/\/ccaal.dfki.de\/wordpress\/wp-content\/uploads\/2018\/08\/IMG_3932.jpg\" alt=\"\" width=\"4032\" height=\"3024\" srcset=\"https:\/\/ccaal.dfki.de\/wordpress\/wp-content\/uploads\/2018\/08\/IMG_3932.jpg 4032w, https:\/\/ccaal.dfki.de\/wordpress\/wp-content\/uploads\/2018\/08\/IMG_3932-300x225.jpg 300w, https:\/\/ccaal.dfki.de\/wordpress\/wp-content\/uploads\/2018\/08\/IMG_3932-768x576.jpg 768w, https:\/\/ccaal.dfki.de\/wordpress\/wp-content\/uploads\/2018\/08\/IMG_3932-1024x768.jpg 1024w, https:\/\/ccaal.dfki.de\/wordpress\/wp-content\/uploads\/2018\/08\/IMG_3932-624x468.jpg 624w, https:\/\/ccaal.dfki.de\/wordpress\/wp-content\/uploads\/2018\/08\/IMG_3932-240x180.jpg 240w\" sizes=\"auto, (max-width: 4032px) 100vw, 4032px\" \/><\/a><p id=\"caption-attachment-2968\" class=\"wp-caption-text\">Dr. Jan Alexandersson und Sigmar Gabriel bei der Pr\u00e4sentation der \u0394elta App<\/p><\/div>\n<p>Gabriel zeigte sich beeindruckt und fasst seinen Besuch als &#8222;nicht nur interessant, sondern auch sehr fr\u00f6hlich&#8220; zusammen.Zum Abschluss fand eine Diskussionsrunde zum Thema &#8222;Politik besucht Zukunft&#8220; statt, an der neben Sigmar Gabriel auch Prof. Dr. Wolfgang Wahlster und Prof. Dr. August-Wilhelm Scheer teilnahmen. Es ging darum, wie zukunftsf\u00e4hig Deutschland ist und welche Rolle die K\u00fcnstliche Intelligenz in Zukunft spielen soll. Insgesamt sieht Gabriel das Saarland als bundesweites Vorbild im Bereich Forschung und K\u00fcnstliche Intelligenz.<\/p>\n","protected":false},"excerpt":{"rendered":"<p>Zur Beantwortung der Frage &#8222;Ist Deutschland zukunftsf\u00e4hig?&#8220; besucht der ehemalige Bundeswirtschafts- und Bundesau\u00dfenminister Sigmar Gabriel aktuell die einzelnen Bundesl\u00e4nder. Am 22. August war er im DFKI Saarbr\u00fccken zu Gast und&#8230; <a href=\"https:\/\/ccaal.dfki.de\/de\/2018\/08\/24\/sigmar-gabriel-lernt-delta-kennen\">Read more &raquo;<\/a><\/p>\n","protected":false},"author":17,"featured_media":2968,"comment_status":"closed","ping_status":"closed","sticky":false,"template":"","format":"standard","meta":{"footnotes":""},"categories":[9],"tags":[],"class_list":["post-2966","post","type-post","status-publish","format-standard","has-post-thumbnail","hentry","category-news"],"translation":{"provider":"WPGlobus","version":"3.0.2","language":"de","enabled_languages":["en","de"],"languages":{"en":{"title":true,"content":true,"excerpt":false},"de":{"title":true,"content":true,"excerpt":false}}},"_links":{"self":[{"href":"https:\/\/ccaal.dfki.de\/de\/wp-json\/wp\/v2\/posts\/2966","targetHints":{"allow":["GET"]}}],"collection":[{"href":"https:\/\/ccaal.dfki.de\/de\/wp-json\/wp\/v2\/posts"}],"about":[{"href":"https:\/\/ccaal.dfki.de\/de\/wp-json\/wp\/v2\/types\/post"}],"author":[{"embeddable":true,"href":"https:\/\/ccaal.dfki.de\/de\/wp-json\/wp\/v2\/users\/17"}],"replies":[{"embeddable":true,"href":"https:\/\/ccaal.dfki.de\/de\/wp-json\/wp\/v2\/comments?post=2966"}],"version-history":[{"count":8,"href":"https:\/\/ccaal.dfki.de\/de\/wp-json\/wp\/v2\/posts\/2966\/revisions"}],"predecessor-version":[{"id":3210,"href":"https:\/\/ccaal.dfki.de\/de\/wp-json\/wp\/v2\/posts\/2966\/revisions\/3210"}],"wp:featuredmedia":[{"embeddable":true,"href":"https:\/\/ccaal.dfki.de\/de\/wp-json\/wp\/v2\/media\/2968"}],"wp:attachment":[{"href":"https:\/\/ccaal.dfki.de\/de\/wp-json\/wp\/v2\/media?parent=2966"}],"wp:term":[{"taxonomy":"category","embeddable":true,"href":"https:\/\/ccaal.dfki.de\/de\/wp-json\/wp\/v2\/categories?post=2966"},{"taxonomy":"post_tag","embeddable":true,"href":"https:\/\/ccaal.dfki.de\/de\/wp-json\/wp\/v2\/tags?post=2966"}],"curies":[{"name":"wp","href":"https:\/\/api.w.org\/{rel}","templated":true}]}}