{"id":849,"date":"2014-10-27T07:28:55","date_gmt":"2014-10-27T07:28:55","guid":{"rendered":"http:\/\/ccaal.dfki.de\/wordpress\/home\/?p=849"},"modified":"2016-08-25T07:31:10","modified_gmt":"2016-08-25T07:31:10","slug":"mobia-presented-at-bmbf-event-in-nuremberg","status":"publish","type":"post","link":"https:\/\/ccaal.dfki.de\/de\/2014\/10\/27\/mobia-presented-at-bmbf-event-in-nuremberg","title":{"rendered":"Mobia bei BMBF-Abschlussveranstaltung zum F\u00f6rderschwerpunkt \u201eMobil bis ins hohe Alter\u201c"},"content":{"rendered":"<p class=\"p1\"><span class=\"s1\">Das Bundesministerium f\u00fcr Bildung und Forschung (BMBF) veranstaltete am Donnerstag, den 23. Oktober 2014, im Fraunhofer IIS Test- und Anwendungszentrum in N\u00fcrnberg die Abschlussveranstaltung der F\u00f6rderma\u00dfnahme \u201eMobil bis ins hohe Alter\u201c, bei der auch das Mobia Projekt vertreten war.<\/span><\/p>\n<p class=\"p1\"><span class=\"s1\">Im Rahmen dieses F\u00f6rderschwerpunktes wurden drei Jahre lang 14 Projekte gef\u00f6rdert, die unter den Schwerpunkt \u201eMobil bis ins hohe Alter\u201c fallen und jeweils mit einem Infostand bei der Veranstaltung vertreten waren. Nach einer kurzen Pr\u00e4sentation der einzelnen Projekte durch die zust\u00e4ndigen Projektleiter fand f\u00fcr alle Besucher ein gef\u00fchrter Rundgang durch die Exponate statt bis schlie\u00dflich der feierliche Tortenanschnitt durch die Projektleiter die Veranstaltung abrundete.<\/span><\/p>\n<p class=\"p1\"><a href=\"http:\/\/ccaal.dfki.de\/wordpress\/wp-content\/uploads\/2016\/08\/2014-10-23-Mobia-BMBF-Nu\u0308rnberg.jpg\"><img loading=\"lazy\" decoding=\"async\" class=\"alignnone size-medium wp-image-853\" src=\"http:\/\/ccaal.dfki.de\/wordpress\/wp-content\/uploads\/2016\/08\/2014-10-23-Mobia-BMBF-Nu\u0308rnberg-300x225.jpg\" alt=\"2014-10-23 Mobia BMBF Nu\u0308rnberg\" width=\"300\" height=\"225\" srcset=\"https:\/\/ccaal.dfki.de\/wordpress\/wp-content\/uploads\/2016\/08\/2014-10-23-Mobia-BMBF-Nu\u0308rnberg-300x225.jpg 300w, https:\/\/ccaal.dfki.de\/wordpress\/wp-content\/uploads\/2016\/08\/2014-10-23-Mobia-BMBF-Nu\u0308rnberg-768x576.jpg 768w, https:\/\/ccaal.dfki.de\/wordpress\/wp-content\/uploads\/2016\/08\/2014-10-23-Mobia-BMBF-Nu\u0308rnberg-144x108.jpg 144w, https:\/\/ccaal.dfki.de\/wordpress\/wp-content\/uploads\/2016\/08\/2014-10-23-Mobia-BMBF-Nu\u0308rnberg.jpg 800w\" sizes=\"auto, (max-width: 300px) 100vw, 300px\" \/><\/a><\/p>\n<p class=\"p1\"><span class=\"s1\">v.l.n.r.: Florin Spanachi(b2m), Kathleen Schwarz (iso), Manfred Backes (Saarbahn), Lisa Becker(Saarbahn), Maurice Rekrut (DFKI)<\/span><\/p>\n<p class=\"p1\"><span class=\"s1\">\u00a0<\/span><\/p>\n<p class=\"p1\"><span class=\"s1\">Fazit aus Mobia Sicht:<\/span><\/p>\n<p class=\"p1\"><span class=\"s1\">Im Gegensatz zu den restlichen Projekten, bei denen weniger oder teilweise \u00fcberhaupt nicht getestet wurde, gl\u00e4nzt Mobia durch ausf\u00fchrliche und umfangreiche Testergebnisse im Rahmen eines einj\u00e4hrigen Feldtests und kann in dieser Hinsicht eine einzigartige Stellung verzeichnen.<\/span><\/p>\n","protected":false},"excerpt":{"rendered":"<p>Das Bundesministerium f\u00fcr Bildung und Forschung (BMBF) veranstaltete am Donnerstag, den 23. Oktober 2014, im Fraunhofer IIS Test- und Anwendungszentrum in N\u00fcrnberg die Abschlussveranstaltung der F\u00f6rderma\u00dfnahme \u201eMobil bis ins hohe&#8230; <a href=\"https:\/\/ccaal.dfki.de\/de\/2014\/10\/27\/mobia-presented-at-bmbf-event-in-nuremberg\">Read more &raquo;<\/a><\/p>\n","protected":false},"author":5,"featured_media":0,"comment_status":"open","ping_status":"open","sticky":false,"template":"","format":"standard","meta":{"footnotes":""},"categories":[9],"tags":[],"class_list":["post-849","post","type-post","status-publish","format-standard","hentry","category-news"],"translation":{"provider":"WPGlobus","version":"3.0.2","language":"de","enabled_languages":["en","de"],"languages":{"en":{"title":true,"content":true,"excerpt":false},"de":{"title":true,"content":true,"excerpt":false}}},"_links":{"self":[{"href":"https:\/\/ccaal.dfki.de\/de\/wp-json\/wp\/v2\/posts\/849","targetHints":{"allow":["GET"]}}],"collection":[{"href":"https:\/\/ccaal.dfki.de\/de\/wp-json\/wp\/v2\/posts"}],"about":[{"href":"https:\/\/ccaal.dfki.de\/de\/wp-json\/wp\/v2\/types\/post"}],"author":[{"embeddable":true,"href":"https:\/\/ccaal.dfki.de\/de\/wp-json\/wp\/v2\/users\/5"}],"replies":[{"embeddable":true,"href":"https:\/\/ccaal.dfki.de\/de\/wp-json\/wp\/v2\/comments?post=849"}],"version-history":[{"count":2,"href":"https:\/\/ccaal.dfki.de\/de\/wp-json\/wp\/v2\/posts\/849\/revisions"}],"predecessor-version":[{"id":861,"href":"https:\/\/ccaal.dfki.de\/de\/wp-json\/wp\/v2\/posts\/849\/revisions\/861"}],"wp:attachment":[{"href":"https:\/\/ccaal.dfki.de\/de\/wp-json\/wp\/v2\/media?parent=849"}],"wp:term":[{"taxonomy":"category","embeddable":true,"href":"https:\/\/ccaal.dfki.de\/de\/wp-json\/wp\/v2\/categories?post=849"},{"taxonomy":"post_tag","embeddable":true,"href":"https:\/\/ccaal.dfki.de\/de\/wp-json\/wp\/v2\/tags?post=849"}],"curies":[{"name":"wp","href":"https:\/\/api.w.org\/{rel}","templated":true}]}}